{"id":185,"date":"2019-06-26T20:00:19","date_gmt":"2019-06-26T19:00:19","guid":{"rendered":"https:\/\/demo.keonthemes.com\/business-consultr\/?p=96"},"modified":"2019-07-10T13:40:16","modified_gmt":"2019-07-10T12:40:16","slug":"visite-ministerielle-regionale-et-locale","status":"publish","type":"post","link":"https:\/\/scsigus.dz\/scs\/visite-ministerielle-regionale-et-locale\/","title":{"rendered":"Visite minist\u00e9rielle, r\u00e9gionale et locale."},"content":{"rendered":"\n<p>La journ\u00e9e du 26\/06\/2019 la Soci\u00e9t\u00e9 des Ciment de Sigus \u00e0 re\u00e7u la visite d&rsquo;une commission minist\u00e9rielle, r\u00e9gionale et locale, dans la quelle ils ont pu visit\u00e9 les diff\u00e9rentes installations de l&rsquo;usine accompagn\u00e9 de Monsieur le PDG et de quelque directeurs de l&rsquo;entreprise.<\/p>\n\n\n\n<p>Ils ont pu constater entre autre la nouveaut\u00e9 de la technologie employ\u00e9, et le respect de l&rsquo;\u00e9cologie qui \u00e0 \u00e9t\u00e9 dict\u00e9 par la SCS (Smart Eco-Usine).<\/p>\n","protected":false},"excerpt":{"rendered":"<div class=\"slide-text-bg2\"><span>La journ\u00e9e du 26\/06\/2019 la Soci\u00e9t\u00e9 des Ciment de Sigus \u00e0 re\u00e7u la visite d&rsquo;une commission minist\u00e9rielle, r\u00e9gionale et locale, dans la quelle i<\/span><\/div>\n<div class=\"slide-btn-area-sm\"><a href=\"https:\/\/scsigus.dz\/scs\/visite-ministerielle-regionale-et-locale\/\" class=\"slide-btn-sm\">Lire la suite<\/a><\/div>\n","protected":false},"author":1,"featured_media":444,"comment_status":"open","ping_status":"open","sticky":false,"template":"","format":"image","meta":{"_uag_custom_page_level_css":"","footnotes":""},"categories":[46],"tags":[],"class_list":["post-185","post","type-post","status-publish","format-image","has-post-thumbnail","hentry","category-actualite","post_format-post-format-image"],"jetpack_featured_media_url":"https:\/\/scsigus.dz\/scs\/wp-content\/uploads\/2018\/05\/comission-ministerielle.jpg","uagb_featured_image_src":{"full":["https:\/\/scsigus.dz\/scs\/wp-content\/uploads\/2018\/05\/comission-ministerielle.jpg",694,446,false],"thumbnail":["https:\/\/scsigus.dz\/scs\/wp-content\/uploads\/2018\/05\/comission-ministerielle-150x150.jpg",150,150,true],"medium":["https:\/\/scsigus.dz\/scs\/wp-content\/uploads\/2018\/05\/comission-ministerielle-300x193.jpg",300,193,true],"medium_large":["https:\/\/scsigus.dz\/scs\/wp-content\/uploads\/2018\/05\/comission-ministerielle.jpg",694,446,false],"large":["https:\/\/scsigus.dz\/scs\/wp-content\/uploads\/2018\/05\/comission-ministerielle.jpg",694,446,false],"1536x1536":["https:\/\/scsigus.dz\/scs\/wp-content\/uploads\/2018\/05\/comission-ministerielle.jpg",694,446,false],"2048x2048":["https:\/\/scsigus.dz\/scs\/wp-content\/uploads\/2018\/05\/comission-ministerielle.jpg",694,446,false]},"uagb_author_info":{"display_name":"admin","author_link":"https:\/\/scsigus.dz\/scs\/author\/admin\/"},"uagb_comment_info":15,"uagb_excerpt":"La journ\u00e9e du 26\/06\/2019 la Soci\u00e9t\u00e9 des Ciment de Sigus \u00e0 re\u00e7u la visite d&rsquo;une commission minist\u00e9rielle, r\u00e9gionale et locale, dans la quelle iLire la suite","_links":{"self":[{"href":"https:\/\/scsigus.dz\/scs\/wp-json\/wp\/v2\/posts\/185","targetHints":{"allow":["GET"]}}],"collection":[{"href":"https:\/\/scsigus.dz\/scs\/wp-json\/wp\/v2\/posts"}],"about":[{"href":"https:\/\/scsigus.dz\/scs\/wp-json\/wp\/v2\/types\/post"}],"author":[{"embeddable":true,"href":"https:\/\/scsigus.dz\/scs\/wp-json\/wp\/v2\/users\/1"}],"replies":[{"embeddable":true,"href":"https:\/\/scsigus.dz\/scs\/wp-json\/wp\/v2\/comments?post=185"}],"version-history":[{"count":0,"href":"https:\/\/scsigus.dz\/scs\/wp-json\/wp\/v2\/posts\/185\/revisions"}],"wp:featuredmedia":[{"embeddable":true,"href":"https:\/\/scsigus.dz\/scs\/wp-json\/wp\/v2\/media\/444"}],"wp:attachment":[{"href":"https:\/\/scsigus.dz\/scs\/wp-json\/wp\/v2\/media?parent=185"}],"wp:term":[{"taxonomy":"category","embeddable":true,"href":"https:\/\/scsigus.dz\/scs\/wp-json\/wp\/v2\/categories?post=185"},{"taxonomy":"post_tag","embeddable":true,"href":"https:\/\/scsigus.dz\/scs\/wp-json\/wp\/v2\/tags?post=185"}],"curies":[{"name":"wp","href":"https:\/\/api.w.org\/{rel}","templated":true}]}}